{"id":684,"date":"2021-10-19T12:18:08","date_gmt":"2021-10-19T12:18:08","guid":{"rendered":"https:\/\/dreamsparkshow.com.br\/noticias\/?p=684"},"modified":"2021-10-19T12:18:08","modified_gmt":"2021-10-19T12:18:08","slug":"retoma-foz-municipio-alcanca-721-da-populacao-com-duas-doses-da-vacina","status":"publish","type":"post","link":"https:\/\/dreamsparkshow.com.br\/noticias\/2021\/10\/19\/retoma-foz-municipio-alcanca-721-da-populacao-com-duas-doses-da-vacina\/","title":{"rendered":"Retoma Foz: munic\u00edpio alcan\u00e7a 72,1% da popula\u00e7\u00e3o com duas doses da vacina"},"content":{"rendered":"\n<p>Muita m\u00fasica boa, comidinhas variadas e um alto astral: n\u00e3o dava pra esperar menos da comemora\u00e7\u00e3o dos 72,1% da popula\u00e7\u00e3o de Foz do Igua\u00e7u imunizada, com as duas doses de vacina, contra a covid-19. Assim foi o clima do Retoma Foz, evento promovido pela prefeitura, com apoio da Funda\u00e7\u00e3o Cultural, na noite deste domingo, 17, para marcar o novo momento da cidade.<\/p>\n\n\n\n<p>Com a antecipa\u00e7\u00e3o de 5 mil doses na \u00faltima semana, no s\u00e1bado, 16, Foz completou 141.270 pessoas totalmente imunizadas contra o coronav\u00edrus, com as duas doses da vacina ou dose \u00fanica, representando 72,1% da popula\u00e7\u00e3o estimada pelos dados do Ipardes. Esse n\u00famero foi estabelecido como meta para a flexibiliza\u00e7\u00e3o das medidas restritivas, como hor\u00e1rio de fechamento e limita\u00e7\u00e3o do n\u00famero de pessoas nos estabelecimentos.<\/p>\n\n\n\n<p>\u201cFizemos a antecipa\u00e7\u00e3o das doses para garantir que cheg\u00e1ssemos aos 70% e, com isso, na quinta-feira foi publicado o decreto que ampliou as flexibiliza\u00e7\u00f5es. Depois de um ano e 10 meses \u00e1rduos para todos &#8211; profissionais da sa\u00fade, comerciantes, empres\u00e1rios e a popula\u00e7\u00e3o como um todo -, este \u00e9 um momento para ser celebrado\u201d, comentou o prefeito Chico Brasileiro.<\/p>\n\n\n\n<p>\u201cIniciamos a campanha de imuniza\u00e7\u00e3o em janeiro de 2020 e, de l\u00e1 para c\u00e1, foi um trabalho intenso, de muita dedica\u00e7\u00e3o dos servidores da sa\u00fade. Chegar ao 72% da popula\u00e7\u00e3o imunizada \u00e9 uma grande vit\u00f3ria e eu s\u00f3 posso agradecer \u00e0s equipes pelos grandes esfor\u00e7os\u201d, afirmou a secret\u00e1ria municipal de Sa\u00fade, Rosa Maria Jer\u00f4nymo.<\/p>\n\n\n\n<p>Quem animou o evento, realizado na Pra\u00e7a da Paz, foram os artistas Mano Zeu, Manu C\u00e2ndido, Babel e Polaroides. Os feirantes da feirinha da JK e da Vila A prepararam uma edi\u00e7\u00e3o extra da feira, com variadas op\u00e7\u00f5es de gastronomia e artesanato.<\/p>\n","protected":false},"excerpt":{"rendered":"<p>Muita m\u00fasica boa, comidinhas variadas e um alto astral: n\u00e3o dava pra esperar menos da comemora\u00e7\u00e3o dos 72,1% da popula\u00e7\u00e3o de Foz do Igua\u00e7u imunizada, com as duas doses de vacina, contra a covid-19. Assim foi o clima do Retoma Foz, evento promovido pela prefeitura, com apoio da Funda\u00e7\u00e3o Cultural, na noite deste domingo, 17, [&hellip;]<\/p>\n","protected":false},"author":3,"featured_media":685,"comment_status":"open","ping_status":"open","sticky":false,"template":"","format":"standard","meta":{"footnotes":""},"categories":[1],"tags":[],"class_list":["post-684","post","type-post","status-publish","format-standard","has-post-thumbnail","hentry","category-noticiasfozdoiguacu"],"_links":{"self":[{"href":"https:\/\/dreamsparkshow.com.br\/noticias\/wp-json\/wp\/v2\/posts\/684","targetHints":{"allow":["GET"]}}],"collection":[{"href":"https:\/\/dreamsparkshow.com.br\/noticias\/wp-json\/wp\/v2\/posts"}],"about":[{"href":"https:\/\/dreamsparkshow.com.br\/noticias\/wp-json\/wp\/v2\/types\/post"}],"author":[{"embeddable":true,"href":"https:\/\/dreamsparkshow.com.br\/noticias\/wp-json\/wp\/v2\/users\/3"}],"replies":[{"embeddable":true,"href":"https:\/\/dreamsparkshow.com.br\/noticias\/wp-json\/wp\/v2\/comments?post=684"}],"version-history":[{"count":1,"href":"https:\/\/dreamsparkshow.com.br\/noticias\/wp-json\/wp\/v2\/posts\/684\/revisions"}],"predecessor-version":[{"id":686,"href":"https:\/\/dreamsparkshow.com.br\/noticias\/wp-json\/wp\/v2\/posts\/684\/revisions\/686"}],"wp:featuredmedia":[{"embeddable":true,"href":"https:\/\/dreamsparkshow.com.br\/noticias\/wp-json\/wp\/v2\/media\/685"}],"wp:attachment":[{"href":"https:\/\/dreamsparkshow.com.br\/noticias\/wp-json\/wp\/v2\/media?parent=684"}],"wp:term":[{"taxonomy":"category","embeddable":true,"href":"https:\/\/dreamsparkshow.com.br\/noticias\/wp-json\/wp\/v2\/categories?post=684"},{"taxonomy":"post_tag","embeddable":true,"href":"https:\/\/dreamsparkshow.com.br\/noticias\/wp-json\/wp\/v2\/tags?post=684"}],"curies":[{"name":"wp","href":"https:\/\/api.w.org\/{rel}","templated":true}]}}