{"id":646,"date":"2021-10-11T13:06:46","date_gmt":"2021-10-11T13:06:46","guid":{"rendered":"https:\/\/dreamsparkshow.com.br\/noticias\/?p=646"},"modified":"2021-10-11T13:08:15","modified_gmt":"2021-10-11T13:08:15","slug":"com-quase-70-da-populacao-vacina-medidas-restritivas-serao-suspensas-em-foz","status":"publish","type":"post","link":"https:\/\/dreamsparkshow.com.br\/noticias\/2021\/10\/11\/com-quase-70-da-populacao-vacina-medidas-restritivas-serao-suspensas-em-foz\/","title":{"rendered":"Com quase 70% da popula\u00e7\u00e3o vacinada, medidas restritivas ser\u00e3o suspensas em Foz"},"content":{"rendered":"\n<p>J\u00e1 foi anunciado pela Prefeitura de Foz do Igua\u00e7u e est\u00e1 previsto: a partir do dia 15 de outubro, se 70% da popula\u00e7\u00e3o estiver imunizada com as duas doses da vacina contra a covid-19, as<strong> medidas restritivas contra o coronav\u00edrus, como o hor\u00e1rio de fechamento e a limita\u00e7\u00e3o do n\u00famero de pessoas nos estabelecimentos, ficam liberadas. <\/strong>Claro, com o cumprimento dos protocolos sanit\u00e1rios, como uso de m\u00e1scara e higieniza\u00e7\u00e3o das m\u00e3os.<\/p>\n\n\n\n<p>Atualmente, 63,1% das pessoas com 18 anos ou mais receberam as duas doses ou dose \u00fanica d<strong>&#8216;<\/strong>a vacina. Mais de 4 mil pessoas est\u00e3o atrasadas com a segunda dose. Para agilizar a imuniza\u00e7\u00e3o, na pr\u00f3xima semana a Secretaria Municipal de Sa\u00fade ir\u00e1 antecipar a segunda dose de quem est\u00e1 com a dose da Astrazeneca programada para at\u00e9 o dia 31 de outubro ou da Pfizer at\u00e9 o dia 13 de novembro.<\/p>\n\n\n\n<p>As doses ser\u00e3o aplicadas a partir de quarta-feira (13), mediante agendamento pr\u00e9vio pelo site da prefeitura (http:\/\/vacinacao.pmfi.pr.gov.br\/), que ficar\u00e1 dispon\u00edvel na segunda-feira (11). A expectativa da Secretaria de Sa\u00fade \u00e9 que mais de 20 mil pessoas sejam vacinadas na pr\u00f3xima semana.<\/p>\n\n\n\n<p>\u201cFoz do Igua\u00e7u tem demonstrado, com n\u00fameros, a import\u00e2ncia da vacina\u00e7\u00e3o no enfrentamento desta pandemia: temos um expressivo percentual de cobertura da popula\u00e7\u00e3o, ao qual corresponde uma significativa baixa de novos casos e de ocupa\u00e7\u00e3o de leitos hospitalares. Por outro lado, ainda temos um n\u00famero tamb\u00e9m significativo de pessoas que est\u00e3o com a segunda dose atrasada&#8221; disse o secret\u00e1rio de Sa\u00fade em exerc\u00edcio, Romildo Mousinho Ferreira.<\/p>\n\n\n\n<p>Segundo o secret\u00e1rio, as equipes da Aten\u00e7\u00e3o B\u00e1sica fazem a busca ativa a partir do 14\u00ba dia de atraso. &#8220;Continuamos ligando para essas pessoas e indo at\u00e9 as resid\u00eancias quando n\u00e3o atendem o telefone. Precisamos desse comprometimento da popula\u00e7\u00e3o para que possamos baixar as restri\u00e7\u00f5es e retomar a nossa economia; temos avan\u00e7ado e podemos avan\u00e7ar ainda mais r\u00e1pido com a antecipa\u00e7\u00e3o das doses&#8221;.<\/p>\n\n\n\n<p>R<strong>efor\u00e7o para retomada econ\u00f4mica<\/strong><\/p>\n\n\n\n<p>O prefeito em exerc\u00edcio, delegado Francisco Sampaio, destaca que, com o \u00edndice de 70% de imunizados, ser\u00e1 poss\u00edvel cumprir a meta de voltar a realizar eventos sem a restri\u00e7\u00e3o de p\u00fablico j\u00e1 a partir da pr\u00f3xima sexta-feira (15).<\/p>\n\n\n\n<p>\u201cEsta medida ser\u00e1 muito importante para a economia da cidade, que \u00e9 reconhecida pela sua voca\u00e7\u00e3o para a realiza\u00e7\u00e3o de grandes eventos, que movimentam desde as pequenas at\u00e9 as grandes empresas da cidade. Mas \u00e9 importante refor\u00e7ar: isso s\u00f3 ser\u00e1 poss\u00edvel com 70% da popula\u00e7\u00e3o imunizada\u201d, afirma Francisco Sampaio.<\/p>\n\n\n\n<p>\u201cNeste momento, \u00e9 importante a mobiliza\u00e7\u00e3o de todos. Que conversem com seus familiares, seus funcion\u00e1rios, seus amigos e incentivem aqueles que est\u00e3o com a segunda dose atrasada, ou que por algum motivo ainda n\u00e3o tomaram a primeira, para comparecer. Esse alerta precisa ser feito nas empresas, restaurantes, atrativos tur\u00edsticos, faculdades e demais locais\u201d, pede o prefeito em exerc\u00edcio.<\/p>\n","protected":false},"excerpt":{"rendered":"<p>J\u00e1 foi anunciado pela Prefeitura de Foz do Igua\u00e7u e est\u00e1 previsto: a partir do dia 15 de outubro, se 70% da popula\u00e7\u00e3o estiver imunizada com as duas doses da vacina contra a covid-19, as medidas restritivas contra o coronav\u00edrus, como o hor\u00e1rio de fechamento e a limita\u00e7\u00e3o do n\u00famero de pessoas nos estabelecimentos, ficam [&hellip;]<\/p>\n","protected":false},"author":3,"featured_media":415,"comment_status":"open","ping_status":"open","sticky":false,"template":"","format":"standard","meta":{"footnotes":""},"categories":[1],"tags":[],"class_list":["post-646","post","type-post","status-publish","format-standard","has-post-thumbnail","hentry","category-noticiasfozdoiguacu"],"_links":{"self":[{"href":"https:\/\/dreamsparkshow.com.br\/noticias\/wp-json\/wp\/v2\/posts\/646","targetHints":{"allow":["GET"]}}],"collection":[{"href":"https:\/\/dreamsparkshow.com.br\/noticias\/wp-json\/wp\/v2\/posts"}],"about":[{"href":"https:\/\/dreamsparkshow.com.br\/noticias\/wp-json\/wp\/v2\/types\/post"}],"author":[{"embeddable":true,"href":"https:\/\/dreamsparkshow.com.br\/noticias\/wp-json\/wp\/v2\/users\/3"}],"replies":[{"embeddable":true,"href":"https:\/\/dreamsparkshow.com.br\/noticias\/wp-json\/wp\/v2\/comments?post=646"}],"version-history":[{"count":3,"href":"https:\/\/dreamsparkshow.com.br\/noticias\/wp-json\/wp\/v2\/posts\/646\/revisions"}],"predecessor-version":[{"id":651,"href":"https:\/\/dreamsparkshow.com.br\/noticias\/wp-json\/wp\/v2\/posts\/646\/revisions\/651"}],"wp:featuredmedia":[{"embeddable":true,"href":"https:\/\/dreamsparkshow.com.br\/noticias\/wp-json\/wp\/v2\/media\/415"}],"wp:attachment":[{"href":"https:\/\/dreamsparkshow.com.br\/noticias\/wp-json\/wp\/v2\/media?parent=646"}],"wp:term":[{"taxonomy":"category","embeddable":true,"href":"https:\/\/dreamsparkshow.com.br\/noticias\/wp-json\/wp\/v2\/categories?post=646"},{"taxonomy":"post_tag","embeddable":true,"href":"https:\/\/dreamsparkshow.com.br\/noticias\/wp-json\/wp\/v2\/tags?post=646"}],"curies":[{"name":"wp","href":"https:\/\/api.w.org\/{rel}","templated":true}]}}