{"id":379,"date":"2021-07-20T13:13:35","date_gmt":"2021-07-20T13:13:35","guid":{"rendered":"https:\/\/dreamsparkshow.com.br\/noticias\/?p=379"},"modified":"2021-07-20T13:13:35","modified_gmt":"2021-07-20T13:13:35","slug":"campanha-vem-pra-foz-vai-fomentar-a-retomada-do-turismo","status":"publish","type":"post","link":"https:\/\/dreamsparkshow.com.br\/noticias\/2021\/07\/20\/campanha-vem-pra-foz-vai-fomentar-a-retomada-do-turismo\/","title":{"rendered":"Campanha &#8220;Vem Pra Foz&#8221; vai fomentar a retomada do turismo"},"content":{"rendered":"\n<p>A Secretaria de Turismo e Projetos Estrat\u00e9gicos de Foz do Igua\u00e7u far\u00e1 um aporte financeiro para a promo\u00e7\u00e3o da campanha \u201cVem pra Foz!\u201d, que incentiva os turistas a visitarem a cidade e impulsionar a retomada do setor. O an\u00fancio foi feito na \u00faltima sexta-feira (16), em reuni\u00e3o com profissionais de todas as \u00e1reas do setor tur\u00edstico para apresenta\u00e7\u00e3o da campanha. O valor que ser\u00e1 destinado ser\u00e1 definido nos pr\u00f3ximos dias.<\/p>\n\n\n\n<p>\u201cEssa campanha ser\u00e1 fundamental para a retomada do turismo. Ser\u00e1 aplicada num raio de at\u00e9 800 km, por\u00e9m, alguns atrativos e receptivos demandaram que j\u00e1 est\u00e3o recebendo pedidos de reservas do nordeste e ent\u00e3o possivelmente a campanha seja estendida\u201d, contou o secret\u00e1rio Paulo Angeli.<\/p>\n\n\n\n<p><strong>Vem pra Foz!<\/strong><\/p>\n\n\n\n<p>A segunda edi\u00e7\u00e3o do \u201cVem pra Foz!\u201d visa atrair mais turistas ao munic\u00edpio e divulgar Foz do Igua\u00e7u como um destino seguro e preparado. Ela \u00e9 baseada no conceito de \u201cver, sentir e viver\u201d, para divulgar a variedade de experi\u00eancias que o Destino Igua\u00e7u pode oferecer, como a natureza, gastronomia, diversidade de povos e cultura.<\/p>\n\n\n\n<p>\u201cTemos n\u00fameros animadores de vacina\u00e7\u00e3o e dados comprovando que, com seguran\u00e7a e protocolos cumpridos, \u00e9 poss\u00edvel garantir um retorno seguro desse p\u00fablico que tanto ama o nosso destino e sabe que ir\u00e1 encontrar por aqui uma experi\u00eancia sem igual\u201d, destacou Angeli.<\/p>\n\n\n\n<p>O projeto faz parte do programa Acelera Foz, dentro do Codefoz, e teve a participa\u00e7\u00e3o de todas as entidades que comp\u00f5em o conselho. A primeira edi\u00e7\u00e3o foi realizada em outubro de 2020.<\/p>\n\n\n\n<p>A iniciativa \u00e9 liderada pela Itaipu Binacional, com conceito feito em uma constru\u00e7\u00e3o por representantes do Conselho de Desenvolvimento Econ\u00f4mico e Social de Foz do Igua\u00e7u (Codefoz).<\/p>\n","protected":false},"excerpt":{"rendered":"<p>A Secretaria de Turismo e Projetos Estrat\u00e9gicos de Foz do Igua\u00e7u far\u00e1 um aporte financeiro para a promo\u00e7\u00e3o da campanha \u201cVem pra Foz!\u201d, que incentiva os turistas a visitarem a cidade e impulsionar a retomada do setor. O an\u00fancio foi feito na \u00faltima sexta-feira (16), em reuni\u00e3o com profissionais de todas as \u00e1reas do setor [&hellip;]<\/p>\n","protected":false},"author":3,"featured_media":380,"comment_status":"open","ping_status":"open","sticky":false,"template":"","format":"standard","meta":{"footnotes":""},"categories":[1],"tags":[],"class_list":["post-379","post","type-post","status-publish","format-standard","has-post-thumbnail","hentry","category-noticiasfozdoiguacu"],"_links":{"self":[{"href":"https:\/\/dreamsparkshow.com.br\/noticias\/wp-json\/wp\/v2\/posts\/379","targetHints":{"allow":["GET"]}}],"collection":[{"href":"https:\/\/dreamsparkshow.com.br\/noticias\/wp-json\/wp\/v2\/posts"}],"about":[{"href":"https:\/\/dreamsparkshow.com.br\/noticias\/wp-json\/wp\/v2\/types\/post"}],"author":[{"embeddable":true,"href":"https:\/\/dreamsparkshow.com.br\/noticias\/wp-json\/wp\/v2\/users\/3"}],"replies":[{"embeddable":true,"href":"https:\/\/dreamsparkshow.com.br\/noticias\/wp-json\/wp\/v2\/comments?post=379"}],"version-history":[{"count":1,"href":"https:\/\/dreamsparkshow.com.br\/noticias\/wp-json\/wp\/v2\/posts\/379\/revisions"}],"predecessor-version":[{"id":381,"href":"https:\/\/dreamsparkshow.com.br\/noticias\/wp-json\/wp\/v2\/posts\/379\/revisions\/381"}],"wp:featuredmedia":[{"embeddable":true,"href":"https:\/\/dreamsparkshow.com.br\/noticias\/wp-json\/wp\/v2\/media\/380"}],"wp:attachment":[{"href":"https:\/\/dreamsparkshow.com.br\/noticias\/wp-json\/wp\/v2\/media?parent=379"}],"wp:term":[{"taxonomy":"category","embeddable":true,"href":"https:\/\/dreamsparkshow.com.br\/noticias\/wp-json\/wp\/v2\/categories?post=379"},{"taxonomy":"post_tag","embeddable":true,"href":"https:\/\/dreamsparkshow.com.br\/noticias\/wp-json\/wp\/v2\/tags?post=379"}],"curies":[{"name":"wp","href":"https:\/\/api.w.org\/{rel}","templated":true}]}}