{"id":361,"date":"2021-07-13T19:22:31","date_gmt":"2021-07-13T19:22:31","guid":{"rendered":"https:\/\/dreamsparkshow.com.br\/noticias\/?p=361"},"modified":"2021-07-13T19:22:31","modified_gmt":"2021-07-13T19:22:31","slug":"tres-grandes-eventos-marcam-retomada-de-turismo-em-foz-do-iguacu","status":"publish","type":"post","link":"https:\/\/dreamsparkshow.com.br\/noticias\/2021\/07\/13\/tres-grandes-eventos-marcam-retomada-de-turismo-em-foz-do-iguacu\/","title":{"rendered":"Tr\u00eas grandes eventos marcam retomada de turismo em Foz do Igua\u00e7u"},"content":{"rendered":"\n<p>Tr\u00eas grandes eventos &#8211; mais de 11 mil participantes entre outubro e in\u00edcio de dezembro &#8211; devem marcar a retomada do turismo em Foz do Igua\u00e7u. O primeiro ser\u00e1 o Congresso Paranaense da Faciap, entre os dias 15 e 16 de outubro, que pode reunir duas mil pessoas. O Governo 5.0, evento estadual entre 24 a 26 de novembro, espera quatro mil pessoas, entre prefeitos, vice-prefeitos, deputados, vereadores, secret\u00e1rios estaduais e municipais. O 16\u00ba Festival das Cataratas ter\u00e1 sua edi\u00e7\u00e3o presencial nos dias 1\u00ba, 2 e 3 de dezembro e pretende reunir pelo menos cinco mil interessados em produtos e servi\u00e7os nos diversos segmentos do turismo.<\/p>\n\n\n\n<p>O 31\u00ba Congresso Congresso Empresarial Paranaense, da Faciap, vai reunir dois mil dirigentes classistas no encontro em Foz do Igua\u00e7u. O presidente da Faciap, Fernando Moraes, e o superintendente Marcio Vieira entregaram os convites do evento para o governador Ratinho Junior, ao chefe da Casa Civil, Guto Silva, e ao vice-presidente do BRDE, Wilson Bley Lipski. &#8220;O congresso re\u00fane grandes nomes do mundo empresarial e palestrantes de renomes nas \u00e1reas de gest\u00e3o, inova\u00e7\u00e3o e empreendedorismo&#8217;, disse Moares.<\/p>\n\n\n\n<p><strong>Gestores p\u00fablicos<\/strong><\/p>\n\n\n\n<p>Foz do Igua\u00e7u vai sediar pela segunda vez o Governo 5.0 nos dias 24, 25 e 26 de novembro, encontro realizado em parceria entre o Estado, a Associa\u00e7\u00e3o dos Munic\u00edpios do Paran\u00e1 e a Assembleia Legislativa, e com apoio do Sebrae. O evento, com a presen\u00e7a do governador Ratinho Junior, ter\u00e1 palestras e oficinas sobre desenvolvimento econ\u00f4mico, cidades inteligentes, capta\u00e7\u00e3o de recursos e capacita\u00e7\u00e3o. Todas as secretarias e \u00f3rg\u00e3os estaduais v\u00e3o apresentar os novos projetos que ser\u00e3o levados na retomada econ\u00f4mica do estado.<\/p>\n\n\n\n<p>O 16\u00ba Festival das Catarata instala a Feira de Turismo e Neg\u00f3cios de forma presencial e est\u00e1 no cronograma da retomada gradual dos encontros sociais, corporativos, esportivos e culturais. &#8220;No ano passado viv\u00edamos um momento ainda mais grave da pandemia e ainda assim conseguimos promover um evento seguro para todos. Para este ano, o otimismo \u00e9 ainda maior, sobretudo para o setor de turismo que movimenta toda uma cadeia de segmentos\u201d, destacou Mayara Angeli, diretora do Festival.<\/p>\n\n\n\n<p><strong>Protocolos rigorosos<\/strong><\/p>\n\n\n\n<p>A partir de agosto, a cidade poder\u00e1 receber eventos corporativos com at\u00e9 500 pessoas e, em novembro, com a expectativa de que 70% da popula\u00e7\u00e3o j\u00e1 esteja imunizada com as duas doses da vacina contra o coronav\u00edrus, dever\u00e3o ser liberados todos os encontros, independentemente do n\u00famero de participantes, desde que respeitado 70% da capacidade m\u00e1xima dos espa\u00e7os.<\/p>\n\n\n\n<p>O secret\u00e1rio municipal de Turismo e Projetos Estrat\u00e9gicos, Paulo Angeli, reafirma que todos os eventos dever\u00e3o seguir os protocolos sanit\u00e1rios para evitar a transmiss\u00e3o do v\u00edrus. \u201cA responsabilidade sobre o cumprimento dos protocolos tem que ser muito clara quando for solicitada a autoriza\u00e7\u00e3o e o alvar\u00e1 para o evento. O organizador ser\u00e1 responsabilizado se os protocolos sanit\u00e1rios n\u00e3o forem cumpridos\u201d, ressaltou.<\/p>\n\n\n\n<p>Foz do Igua\u00e7u espera ainda retomar os grandes eventos internacionais. Entre 2015 e 2019, no per\u00edodo pr\u00e9-pandemia, somente as capitais S\u00e3o Paulo e Rio de Janeiro receberam no Brasil mais eventos internacionais do que Foz. Foram 66, de acordo com dados do International Congress &amp; Convention Association (ICCA).<\/p>\n\n\n\n<p>Fonte: Assessoria<\/p>\n","protected":false},"excerpt":{"rendered":"<p>Tr\u00eas grandes eventos &#8211; mais de 11 mil participantes entre outubro e in\u00edcio de dezembro &#8211; devem marcar a retomada do turismo em Foz do Igua\u00e7u. O primeiro ser\u00e1 o Congresso Paranaense da Faciap, entre os dias 15 e 16 de outubro, que pode reunir duas mil pessoas. O Governo 5.0, evento estadual entre 24 [&hellip;]<\/p>\n","protected":false},"author":3,"featured_media":362,"comment_status":"open","ping_status":"open","sticky":false,"template":"","format":"standard","meta":{"footnotes":""},"categories":[1],"tags":[],"class_list":["post-361","post","type-post","status-publish","format-standard","has-post-thumbnail","hentry","category-noticiasfozdoiguacu"],"_links":{"self":[{"href":"https:\/\/dreamsparkshow.com.br\/noticias\/wp-json\/wp\/v2\/posts\/361","targetHints":{"allow":["GET"]}}],"collection":[{"href":"https:\/\/dreamsparkshow.com.br\/noticias\/wp-json\/wp\/v2\/posts"}],"about":[{"href":"https:\/\/dreamsparkshow.com.br\/noticias\/wp-json\/wp\/v2\/types\/post"}],"author":[{"embeddable":true,"href":"https:\/\/dreamsparkshow.com.br\/noticias\/wp-json\/wp\/v2\/users\/3"}],"replies":[{"embeddable":true,"href":"https:\/\/dreamsparkshow.com.br\/noticias\/wp-json\/wp\/v2\/comments?post=361"}],"version-history":[{"count":1,"href":"https:\/\/dreamsparkshow.com.br\/noticias\/wp-json\/wp\/v2\/posts\/361\/revisions"}],"predecessor-version":[{"id":363,"href":"https:\/\/dreamsparkshow.com.br\/noticias\/wp-json\/wp\/v2\/posts\/361\/revisions\/363"}],"wp:featuredmedia":[{"embeddable":true,"href":"https:\/\/dreamsparkshow.com.br\/noticias\/wp-json\/wp\/v2\/media\/362"}],"wp:attachment":[{"href":"https:\/\/dreamsparkshow.com.br\/noticias\/wp-json\/wp\/v2\/media?parent=361"}],"wp:term":[{"taxonomy":"category","embeddable":true,"href":"https:\/\/dreamsparkshow.com.br\/noticias\/wp-json\/wp\/v2\/categories?post=361"},{"taxonomy":"post_tag","embeddable":true,"href":"https:\/\/dreamsparkshow.com.br\/noticias\/wp-json\/wp\/v2\/tags?post=361"}],"curies":[{"name":"wp","href":"https:\/\/api.w.org\/{rel}","templated":true}]}}