{"id":358,"date":"2021-07-10T11:27:38","date_gmt":"2021-07-10T11:27:38","guid":{"rendered":"https:\/\/dreamsparkshow.com.br\/noticias\/?p=358"},"modified":"2021-07-10T11:27:38","modified_gmt":"2021-07-10T11:27:38","slug":"eventos-estao-liberados-em-foz","status":"publish","type":"post","link":"https:\/\/dreamsparkshow.com.br\/noticias\/2021\/07\/10\/eventos-estao-liberados-em-foz\/","title":{"rendered":"Eventos est\u00e3o liberados em Foz"},"content":{"rendered":"\n<p>Eventos est\u00e3o liberados em Foz a partir de agosto. A cidade se prepara para receber grandes eventos, que s\u00e3o catalisadores do turismo e da economia da cidade, a partir do m\u00eas de agosto. A retomada dos encontros sociais, corporativos, esportivos e culturais ser\u00e1 gradual, seguindo o cronograma da vacina\u00e7\u00e3o contra a covid-19 e conforme a situa\u00e7\u00e3o epidemiol\u00f3gica do Munic\u00edpio em rela\u00e7\u00e3o \u00e0 doen\u00e7a.<\/p>\n\n\n\n<p>A prefeitura publicou no um decreto no Di\u00e1rio Oficial do Munic\u00edpio com o calend\u00e1rio de retomada dos eventos. A partir de agosto, a cidade poder\u00e1 receber eventos corporativos com at\u00e9 500 pessoas e, em novembro, com a expectativa de que 70% da popula\u00e7\u00e3o j\u00e1 esteja imunizada contra o coronav\u00edrus, com as duas doses da vacina, dever\u00e3o ser liberados todos os encontros, independentemente do n\u00famero de de participantes, desde que respeitado 70% da capacidade m\u00e1xima dos espa\u00e7os.<\/p>\n\n\n\n<p>\u201cO cen\u00e1rio hoje apresenta uma situa\u00e7\u00e3o de melhora, mas ainda \u00e9 uma situa\u00e7\u00e3o de cuidado. Ainda \u00e9 uma situa\u00e7\u00e3o de alerta, por\u00e9m nos possibilita come\u00e7ar a olhar para frente com mais seguran\u00e7a. Mas a maior seguran\u00e7a \u00e9 a vacina\u00e7\u00e3o \u201d, afirmou o prefeito Chico Brasileiro.<\/p>\n","protected":false},"excerpt":{"rendered":"<p>Eventos est\u00e3o liberados em Foz a partir de agosto. A cidade se prepara para receber grandes eventos, que s\u00e3o catalisadores do turismo e da economia da cidade, a partir do m\u00eas de agosto. A retomada dos encontros sociais, corporativos, esportivos e culturais ser\u00e1 gradual, seguindo o cronograma da vacina\u00e7\u00e3o contra a covid-19 e conforme a [&hellip;]<\/p>\n","protected":false},"author":3,"featured_media":359,"comment_status":"open","ping_status":"open","sticky":false,"template":"","format":"standard","meta":{"footnotes":""},"categories":[1],"tags":[],"class_list":["post-358","post","type-post","status-publish","format-standard","has-post-thumbnail","hentry","category-noticiasfozdoiguacu"],"_links":{"self":[{"href":"https:\/\/dreamsparkshow.com.br\/noticias\/wp-json\/wp\/v2\/posts\/358","targetHints":{"allow":["GET"]}}],"collection":[{"href":"https:\/\/dreamsparkshow.com.br\/noticias\/wp-json\/wp\/v2\/posts"}],"about":[{"href":"https:\/\/dreamsparkshow.com.br\/noticias\/wp-json\/wp\/v2\/types\/post"}],"author":[{"embeddable":true,"href":"https:\/\/dreamsparkshow.com.br\/noticias\/wp-json\/wp\/v2\/users\/3"}],"replies":[{"embeddable":true,"href":"https:\/\/dreamsparkshow.com.br\/noticias\/wp-json\/wp\/v2\/comments?post=358"}],"version-history":[{"count":1,"href":"https:\/\/dreamsparkshow.com.br\/noticias\/wp-json\/wp\/v2\/posts\/358\/revisions"}],"predecessor-version":[{"id":360,"href":"https:\/\/dreamsparkshow.com.br\/noticias\/wp-json\/wp\/v2\/posts\/358\/revisions\/360"}],"wp:featuredmedia":[{"embeddable":true,"href":"https:\/\/dreamsparkshow.com.br\/noticias\/wp-json\/wp\/v2\/media\/359"}],"wp:attachment":[{"href":"https:\/\/dreamsparkshow.com.br\/noticias\/wp-json\/wp\/v2\/media?parent=358"}],"wp:term":[{"taxonomy":"category","embeddable":true,"href":"https:\/\/dreamsparkshow.com.br\/noticias\/wp-json\/wp\/v2\/categories?post=358"},{"taxonomy":"post_tag","embeddable":true,"href":"https:\/\/dreamsparkshow.com.br\/noticias\/wp-json\/wp\/v2\/tags?post=358"}],"curies":[{"name":"wp","href":"https:\/\/api.w.org\/{rel}","templated":true}]}}