{"id":297,"date":"2021-07-03T20:40:24","date_gmt":"2021-07-03T20:40:24","guid":{"rendered":"https:\/\/dreamsparkshow.com.br\/noticias\/?p=297"},"modified":"2021-07-10T12:37:46","modified_gmt":"2021-07-10T12:37:46","slug":"apresentadora-ana-hickmann-e-familia-passam-o-dia-no-dreams-park-show","status":"publish","type":"post","link":"https:\/\/dreamsparkshow.com.br\/noticias\/2021\/07\/03\/apresentadora-ana-hickmann-e-familia-passam-o-dia-no-dreams-park-show\/","title":{"rendered":"Apresentadora Ana Hickmann e fam\u00edlia passam o dia no Dreams Park Show"},"content":{"rendered":"\n<p>De f\u00e9rias em Foz do Igua\u00e7u, a modelo, empres\u00e1ria e apresentadora Ana Hickmann, acompanhada do filho Alexandre Junior e da m\u00e3e Reni Saath, passou a tarde de s\u00e1bado no Complexo Dreams Park Show.<\/p>\n\n\n\n<p>A fam\u00edlia come\u00e7ou o passeio pelo Museu de Cera e depois foi ao Vale dos Dinossauros, onde tamb\u00e9m curtiu as trilhas de arvorismo e tirolesa no Dino Adventure. Durante a aventura, Ana e o filho fizeram v\u00e1rios v\u00eddeos e tiraram fotos l\u00e1 do alto. Depois da aventura nas alturas, foram se aventurar no frio do Dreams Ice Bar.<\/p>\n\n\n\n<p>Em suas redes sociais, logo pela manh\u00e3 Ana disse ter vindo \u00e0 Foz de carro e que alguns passeios j\u00e1 estavam programados. Na lista dela, estava levar o pequeno Alexandre para se aventurar no Dreams Park Show. Ana Hickmann comprou os ingressos pelo site em junho.<\/p>\n\n\n\n<p>Segundo a empres\u00e1ria, esta \u00e9 a oitava vez que visita a Terra das Cataratas. E disse: \u201cQue f\u00e9rias perfeitas. Amo este lugar\u201d.<\/p>\n\n\n\n<figure class=\"wp-block-gallery columns-3 is-cropped wp-block-gallery-1 is-layout-flex wp-block-gallery-is-layout-flex\"><ul class=\"blocks-gallery-grid\"><li class=\"blocks-gallery-item\"><figure><img fetchpriority=\"high\" decoding=\"async\" width=\"1024\" height=\"1024\" src=\"https:\/\/dreamsparkshow.com.br\/noticias\/wp-content\/uploads\/2021\/07\/AnaVale2-1024x1024.jpg\" alt=\"\" data-id=\"305\" class=\"wp-image-305\" srcset=\"https:\/\/dreamsparkshow.com.br\/noticias\/wp-content\/uploads\/2021\/07\/AnaVale2-1024x1024.jpg 1024w, https:\/\/dreamsparkshow.com.br\/noticias\/wp-content\/uploads\/2021\/07\/AnaVale2-300x300.jpg 300w, https:\/\/dreamsparkshow.com.br\/noticias\/wp-content\/uploads\/2021\/07\/AnaVale2-150x150.jpg 150w, https:\/\/dreamsparkshow.com.br\/noticias\/wp-content\/uploads\/2021\/07\/AnaVale2-768x768.jpg 768w, https:\/\/dreamsparkshow.com.br\/noticias\/wp-content\/uploads\/2021\/07\/AnaVale2.jpg 1080w\" sizes=\"(max-width: 1024px) 100vw, 1024px\" \/><\/figure><\/li><li class=\"blocks-gallery-item\"><figure><img decoding=\"async\" width=\"853\" height=\"853\" src=\"https:\/\/dreamsparkshow.com.br\/noticias\/wp-content\/uploads\/2021\/07\/Ana-Vale1.jpg\" alt=\"\" data-id=\"307\" data-link=\"https:\/\/dreamsparkshow.com.br\/noticias\/2021\/07\/03\/apresentadora-ana-hickmann-e-familia-passam-o-dia-no-dreams-park-show\/ana-vale1\/\" class=\"wp-image-307\" srcset=\"https:\/\/dreamsparkshow.com.br\/noticias\/wp-content\/uploads\/2021\/07\/Ana-Vale1.jpg 853w, https:\/\/dreamsparkshow.com.br\/noticias\/wp-content\/uploads\/2021\/07\/Ana-Vale1-300x300.jpg 300w, https:\/\/dreamsparkshow.com.br\/noticias\/wp-content\/uploads\/2021\/07\/Ana-Vale1-150x150.jpg 150w, https:\/\/dreamsparkshow.com.br\/noticias\/wp-content\/uploads\/2021\/07\/Ana-Vale1-768x768.jpg 768w\" sizes=\"(max-width: 853px) 100vw, 853px\" \/><\/figure><\/li><li class=\"blocks-gallery-item\"><figure><img decoding=\"async\" width=\"1024\" height=\"1024\" src=\"https:\/\/dreamsparkshow.com.br\/noticias\/wp-content\/uploads\/2021\/07\/Ana-Ice-1-1024x1024.jpg\" alt=\"\" data-id=\"308\" data-link=\"https:\/\/dreamsparkshow.com.br\/noticias\/2021\/07\/03\/apresentadora-ana-hickmann-e-familia-passam-o-dia-no-dreams-park-show\/ana-ice-1\/\" class=\"wp-image-308\" srcset=\"https:\/\/dreamsparkshow.com.br\/noticias\/wp-content\/uploads\/2021\/07\/Ana-Ice-1-1024x1024.jpg 1024w, https:\/\/dreamsparkshow.com.br\/noticias\/wp-content\/uploads\/2021\/07\/Ana-Ice-1-300x300.jpg 300w, https:\/\/dreamsparkshow.com.br\/noticias\/wp-content\/uploads\/2021\/07\/Ana-Ice-1-150x150.jpg 150w, https:\/\/dreamsparkshow.com.br\/noticias\/wp-content\/uploads\/2021\/07\/Ana-Ice-1-768x768.jpg 768w, https:\/\/dreamsparkshow.com.br\/noticias\/wp-content\/uploads\/2021\/07\/Ana-Ice-1.jpg 1080w\" sizes=\"(max-width: 1024px) 100vw, 1024px\" \/><\/figure><\/li><li class=\"blocks-gallery-item\"><figure><img loading=\"lazy\" decoding=\"async\" width=\"1024\" height=\"1024\" src=\"https:\/\/dreamsparkshow.com.br\/noticias\/wp-content\/uploads\/2021\/07\/Ana-Ice-2-1024x1024.jpg\" alt=\"\" data-id=\"309\" data-link=\"https:\/\/dreamsparkshow.com.br\/noticias\/2021\/07\/03\/apresentadora-ana-hickmann-e-familia-passam-o-dia-no-dreams-park-show\/ana-ice-2\/\" class=\"wp-image-309\" srcset=\"https:\/\/dreamsparkshow.com.br\/noticias\/wp-content\/uploads\/2021\/07\/Ana-Ice-2-1024x1024.jpg 1024w, https:\/\/dreamsparkshow.com.br\/noticias\/wp-content\/uploads\/2021\/07\/Ana-Ice-2-300x300.jpg 300w, https:\/\/dreamsparkshow.com.br\/noticias\/wp-content\/uploads\/2021\/07\/Ana-Ice-2-150x150.jpg 150w, https:\/\/dreamsparkshow.com.br\/noticias\/wp-content\/uploads\/2021\/07\/Ana-Ice-2-768x768.jpg 768w, https:\/\/dreamsparkshow.com.br\/noticias\/wp-content\/uploads\/2021\/07\/Ana-Ice-2.jpg 1080w\" sizes=\"(max-width: 1024px) 100vw, 1024px\" \/><\/figure><\/li><li class=\"blocks-gallery-item\"><figure><img loading=\"lazy\" decoding=\"async\" width=\"1024\" height=\"1024\" src=\"https:\/\/dreamsparkshow.com.br\/noticias\/wp-content\/uploads\/2021\/07\/ANa-Musue-1-1024x1024.jpg\" alt=\"\" data-id=\"310\" data-full-url=\"https:\/\/dreamsparkshow.com.br\/noticias\/wp-content\/uploads\/2021\/07\/ANa-Musue-1.jpg\" data-link=\"https:\/\/dreamsparkshow.com.br\/noticias\/2021\/07\/03\/apresentadora-ana-hickmann-e-familia-passam-o-dia-no-dreams-park-show\/ana-musue-1\/\" class=\"wp-image-310\" srcset=\"https:\/\/dreamsparkshow.com.br\/noticias\/wp-content\/uploads\/2021\/07\/ANa-Musue-1-1024x1024.jpg 1024w, https:\/\/dreamsparkshow.com.br\/noticias\/wp-content\/uploads\/2021\/07\/ANa-Musue-1-300x300.jpg 300w, https:\/\/dreamsparkshow.com.br\/noticias\/wp-content\/uploads\/2021\/07\/ANa-Musue-1-150x150.jpg 150w, https:\/\/dreamsparkshow.com.br\/noticias\/wp-content\/uploads\/2021\/07\/ANa-Musue-1-768x768.jpg 768w, https:\/\/dreamsparkshow.com.br\/noticias\/wp-content\/uploads\/2021\/07\/ANa-Musue-1.jpg 1080w\" sizes=\"(max-width: 1024px) 100vw, 1024px\" \/><\/figure><\/li><li class=\"blocks-gallery-item\"><figure><img loading=\"lazy\" decoding=\"async\" width=\"1024\" height=\"1024\" src=\"https:\/\/dreamsparkshow.com.br\/noticias\/wp-content\/uploads\/2021\/07\/ANa-Musue-2-1024x1024.jpg\" alt=\"\" data-id=\"311\" data-full-url=\"https:\/\/dreamsparkshow.com.br\/noticias\/wp-content\/uploads\/2021\/07\/ANa-Musue-2.jpg\" data-link=\"https:\/\/dreamsparkshow.com.br\/noticias\/2021\/07\/03\/apresentadora-ana-hickmann-e-familia-passam-o-dia-no-dreams-park-show\/ana-musue-2\/\" class=\"wp-image-311\" srcset=\"https:\/\/dreamsparkshow.com.br\/noticias\/wp-content\/uploads\/2021\/07\/ANa-Musue-2-1024x1024.jpg 1024w, https:\/\/dreamsparkshow.com.br\/noticias\/wp-content\/uploads\/2021\/07\/ANa-Musue-2-300x300.jpg 300w, https:\/\/dreamsparkshow.com.br\/noticias\/wp-content\/uploads\/2021\/07\/ANa-Musue-2-150x150.jpg 150w, https:\/\/dreamsparkshow.com.br\/noticias\/wp-content\/uploads\/2021\/07\/ANa-Musue-2-768x768.jpg 768w, https:\/\/dreamsparkshow.com.br\/noticias\/wp-content\/uploads\/2021\/07\/ANa-Musue-2.jpg 1080w\" sizes=\"(max-width: 1024px) 100vw, 1024px\" \/><\/figure><\/li><\/ul><\/figure>\n\n\n\n<h2 class=\"wp-block-heading\">Semana dos famosos<\/h2>\n\n\n\n<p>Al\u00e9m de Ana Hickmann, essa semana o Dreams Park Show recebeu outros famosos. Entre eles, Isa\u00edas Silva, que faz sucesso na internet como humorista. Somente no Instagram, ele tem quase 8 milh\u00f5es de seguidores.<br>Na sexta-feira, o atrativo recebeu tamb\u00e9m um grupo de influencers que vieram conhecer Foz do Igua\u00e7u a convite do Visit Iguassu. Entre eles, os g\u00eameos BBarretos, Bianca Nunes, Helton Oliveira (ex-Masterchef) e Gabi Form.<\/p>\n\n\n\n<figure class=\"wp-block-gallery columns-2 is-cropped wp-block-gallery-2 is-layout-flex wp-block-gallery-is-layout-flex\"><ul class=\"blocks-gallery-grid\"><li class=\"blocks-gallery-item\"><figure><img loading=\"lazy\" decoding=\"async\" width=\"558\" height=\"558\" src=\"https:\/\/dreamsparkshow.com.br\/noticias\/wp-content\/uploads\/2021\/07\/Isais-Maravilhas.jpg\" alt=\"\" data-id=\"313\" class=\"wp-image-313\" srcset=\"https:\/\/dreamsparkshow.com.br\/noticias\/wp-content\/uploads\/2021\/07\/Isais-Maravilhas.jpg 558w, https:\/\/dreamsparkshow.com.br\/noticias\/wp-content\/uploads\/2021\/07\/Isais-Maravilhas-300x300.jpg 300w, https:\/\/dreamsparkshow.com.br\/noticias\/wp-content\/uploads\/2021\/07\/Isais-Maravilhas-150x150.jpg 150w\" sizes=\"(max-width: 558px) 100vw, 558px\" \/><figcaption class=\"blocks-gallery-item__caption\">O humorista Isa\u00edas Silva. Foto: Arquivo Pessoal<\/figcaption><\/figure><\/li><li class=\"blocks-gallery-item\"><figure><img loading=\"lazy\" decoding=\"async\" width=\"720\" height=\"720\" src=\"https:\/\/dreamsparkshow.com.br\/noticias\/wp-content\/uploads\/2021\/07\/Influencers.png\" alt=\"\" data-id=\"314\" data-full-url=\"https:\/\/dreamsparkshow.com.br\/noticias\/wp-content\/uploads\/2021\/07\/Influencers.png\" data-link=\"https:\/\/dreamsparkshow.com.br\/noticias\/2021\/07\/03\/apresentadora-ana-hickmann-e-familia-passam-o-dia-no-dreams-park-show\/influencers\/\" class=\"wp-image-314\" srcset=\"https:\/\/dreamsparkshow.com.br\/noticias\/wp-content\/uploads\/2021\/07\/Influencers.png 720w, https:\/\/dreamsparkshow.com.br\/noticias\/wp-content\/uploads\/2021\/07\/Influencers-300x300.png 300w, https:\/\/dreamsparkshow.com.br\/noticias\/wp-content\/uploads\/2021\/07\/Influencers-150x150.png 150w\" sizes=\"(max-width: 720px) 100vw, 720px\" \/><figcaption class=\"blocks-gallery-item__caption\">Os influencers irm\u00e3os Barreto, Gabi Form, Helton Oliveira (ex-Master Chef) e Bianca Nunes (turma do Carlinhos Maia)<\/figcaption><\/figure><\/li><\/ul><\/figure>\n\n\n\n<hr class=\"wp-block-separator\" \/>\n\n\n\n<p><em>Fotos: Vale dos Dinossauros Foz do Igua\u00e7u \/ Sorria<\/em><\/p>\n","protected":false},"excerpt":{"rendered":"<p>De f\u00e9rias em Foz do Igua\u00e7u, a modelo, empres\u00e1ria e apresentadora Ana Hickmann, acompanhada do filho Alexandre Junior e da m\u00e3e Reni Saath, passou a tarde de s\u00e1bado no Complexo Dreams Park Show. A fam\u00edlia come\u00e7ou o passeio pelo Museu de Cera e depois foi ao Vale dos Dinossauros, onde tamb\u00e9m curtiu as trilhas de [&hellip;]<\/p>\n","protected":false},"author":3,"featured_media":304,"comment_status":"open","ping_status":"open","sticky":false,"template":"","format":"standard","meta":{"footnotes":""},"categories":[3],"tags":[],"class_list":["post-297","post","type-post","status-publish","format-standard","has-post-thumbnail","hentry","category-noticiasdreamsparkshow"],"_links":{"self":[{"href":"https:\/\/dreamsparkshow.com.br\/noticias\/wp-json\/wp\/v2\/posts\/297","targetHints":{"allow":["GET"]}}],"collection":[{"href":"https:\/\/dreamsparkshow.com.br\/noticias\/wp-json\/wp\/v2\/posts"}],"about":[{"href":"https:\/\/dreamsparkshow.com.br\/noticias\/wp-json\/wp\/v2\/types\/post"}],"author":[{"embeddable":true,"href":"https:\/\/dreamsparkshow.com.br\/noticias\/wp-json\/wp\/v2\/users\/3"}],"replies":[{"embeddable":true,"href":"https:\/\/dreamsparkshow.com.br\/noticias\/wp-json\/wp\/v2\/comments?post=297"}],"version-history":[{"count":4,"href":"https:\/\/dreamsparkshow.com.br\/noticias\/wp-json\/wp\/v2\/posts\/297\/revisions"}],"predecessor-version":[{"id":316,"href":"https:\/\/dreamsparkshow.com.br\/noticias\/wp-json\/wp\/v2\/posts\/297\/revisions\/316"}],"wp:featuredmedia":[{"embeddable":true,"href":"https:\/\/dreamsparkshow.com.br\/noticias\/wp-json\/wp\/v2\/media\/304"}],"wp:attachment":[{"href":"https:\/\/dreamsparkshow.com.br\/noticias\/wp-json\/wp\/v2\/media?parent=297"}],"wp:term":[{"taxonomy":"category","embeddable":true,"href":"https:\/\/dreamsparkshow.com.br\/noticias\/wp-json\/wp\/v2\/categories?post=297"},{"taxonomy":"post_tag","embeddable":true,"href":"https:\/\/dreamsparkshow.com.br\/noticias\/wp-json\/wp\/v2\/tags?post=297"}],"curies":[{"name":"wp","href":"https:\/\/api.w.org\/{rel}","templated":true}]}}