{"id":173,"date":"2021-06-22T21:37:54","date_gmt":"2021-06-22T21:37:54","guid":{"rendered":"https:\/\/dreamsparkshow.com.br\/noticias\/?p=173"},"modified":"2021-06-24T14:55:22","modified_gmt":"2021-06-24T14:55:22","slug":"de-ferias-em-foz-com-a-familia-ator-de-salve-se-quem-puder-felipe-simas-conhece-o-dreams-park-show","status":"publish","type":"post","link":"https:\/\/dreamsparkshow.com.br\/noticias\/2021\/06\/22\/de-ferias-em-foz-com-a-familia-ator-de-salve-se-quem-puder-felipe-simas-conhece-o-dreams-park-show\/","title":{"rendered":"De F\u00e9rias em Foz com a fam\u00edlia, ator de Salve-se Quem Puder Felipe Simas conhece o Dreams Park Show"},"content":{"rendered":"\n<p>Depois de gravar os cap\u00edtulos finais da novela \u201cSalve-se Quem Puder\u201d, em que vive T\u00e9o, um dos protagonistas, o ator Felipe Simas veio com a fam\u00edlia passar as f\u00e9rias em Foz do Igua\u00e7u. Eles chegaram na segunda-feira (21) e ficam na cidade at\u00e9 sexta-feira (25).<\/p>\n\n\n\n<p>\u201cFoi uma das viagens mais esperadas por n\u00f3s. J\u00e1 estava programada h\u00e1 meses, devido a pandemia fomos adiando, mas gra\u00e7as a Deus estamos aqui\u201d, disse o ator durante um passeio no Complexo Dreams Park Show, ao lado da mulher, Mariana Uhlmann Simas e dos tr\u00eas filhos: Joaquim, de sete anos, Maria, de quatro, e Vicente de um ano.<\/p>\n\n\n\n<p>No Parque, o primeiro passeio feito pela fam\u00edlia foi no Vale dos Dinossauros. \u201cAs crian\u00e7as amaram, ningu\u00e9m queria sair das trilhas. \u2018Almo\u00e7amos depois mam\u00e3e\u2019, falavam as crian\u00e7as\u201d, contou Mariana.<\/p>\n\n\n\n<p>Para Felipe, Foz do Igua\u00e7u \u00e9 realmente uma cidade \u00fanica no mundo. Une a natureza e o trabalho humano. Segundo o ator, \u00e9 uma mistura encantadora. \u201cApesar da gente saber que os dinossauros eram animatr\u00f4nicos, estavam em meio a uma trilha com muitas \u00e1rvores. Parecia muito real\u201d, disse.<\/p>\n\n\n\n<p>\u201cEu adorei a tirolesa, fiquei com um pouquinho de medo, mas foi legal\u201d, afirmou o pequeno Joaquim, sobre a atra\u00e7\u00e3o Dino Adventure.<\/p>\n\n\n\n<p>No Motor Show, pais e filhos ficaram encantados com a variedade de motocicletas e com o show de rock ac\u00fastico de Carlos Borges durante o almo\u00e7o. \u201cTive que subir no palco com o Vicente e tamb\u00e9m nas motos. Ele adora tudo isso\u201d, disse o ator.<\/p>\n\n\n\n<p>No Complexo, aproveitaram tamb\u00e9m para conhecer o Dreamland Museu de Cera, o Dreams Ice Bar e se aventurar na tirolesa do Dino Adventure.<\/p>\n\n\n\n<figure class=\"wp-block-gallery columns-3 is-cropped wp-block-gallery-1 is-layout-flex wp-block-gallery-is-layout-flex\"><ul class=\"blocks-gallery-grid\"><li class=\"blocks-gallery-item\"><figure><img fetchpriority=\"high\" decoding=\"async\" width=\"853\" height=\"853\" src=\"https:\/\/dreamsparkshow.com.br\/noticias\/wp-content\/uploads\/2021\/06\/Felipe-Simas-e-Familia-no-Dreams-Park-Show-2.jpg\" alt=\"\" data-id=\"175\" data-link=\"https:\/\/dreamsparkshow.com.br\/noticias\/?attachment_id=175\" class=\"wp-image-175\" srcset=\"https:\/\/dreamsparkshow.com.br\/noticias\/wp-content\/uploads\/2021\/06\/Felipe-Simas-e-Familia-no-Dreams-Park-Show-2.jpg 853w, https:\/\/dreamsparkshow.com.br\/noticias\/wp-content\/uploads\/2021\/06\/Felipe-Simas-e-Familia-no-Dreams-Park-Show-2-300x300.jpg 300w, https:\/\/dreamsparkshow.com.br\/noticias\/wp-content\/uploads\/2021\/06\/Felipe-Simas-e-Familia-no-Dreams-Park-Show-2-150x150.jpg 150w, https:\/\/dreamsparkshow.com.br\/noticias\/wp-content\/uploads\/2021\/06\/Felipe-Simas-e-Familia-no-Dreams-Park-Show-2-768x768.jpg 768w\" sizes=\"(max-width: 853px) 100vw, 853px\" \/><\/figure><\/li><li class=\"blocks-gallery-item\"><figure><img decoding=\"async\" width=\"853\" height=\"853\" src=\"https:\/\/dreamsparkshow.com.br\/noticias\/wp-content\/uploads\/2021\/06\/Felipe-Simas-e-Familia-no-Dreams-Park-Show-7.jpg\" alt=\"\" data-id=\"181\" data-full-url=\"https:\/\/dreamsparkshow.com.br\/noticias\/wp-content\/uploads\/2021\/06\/Felipe-Simas-e-Familia-no-Dreams-Park-Show-7.jpg\" data-link=\"https:\/\/dreamsparkshow.com.br\/noticias\/?attachment_id=181\" class=\"wp-image-181\" srcset=\"https:\/\/dreamsparkshow.com.br\/noticias\/wp-content\/uploads\/2021\/06\/Felipe-Simas-e-Familia-no-Dreams-Park-Show-7.jpg 853w, https:\/\/dreamsparkshow.com.br\/noticias\/wp-content\/uploads\/2021\/06\/Felipe-Simas-e-Familia-no-Dreams-Park-Show-7-300x300.jpg 300w, https:\/\/dreamsparkshow.com.br\/noticias\/wp-content\/uploads\/2021\/06\/Felipe-Simas-e-Familia-no-Dreams-Park-Show-7-150x150.jpg 150w, https:\/\/dreamsparkshow.com.br\/noticias\/wp-content\/uploads\/2021\/06\/Felipe-Simas-e-Familia-no-Dreams-Park-Show-7-768x768.jpg 768w\" sizes=\"(max-width: 853px) 100vw, 853px\" \/><\/figure><\/li><li class=\"blocks-gallery-item\"><figure><img decoding=\"async\" width=\"853\" height=\"853\" src=\"https:\/\/dreamsparkshow.com.br\/noticias\/wp-content\/uploads\/2021\/06\/Felipe-Simas-e-Familia-no-Dreams-Park-Show-3.jpg\" alt=\"\" data-id=\"176\" data-link=\"https:\/\/dreamsparkshow.com.br\/noticias\/?attachment_id=176\" class=\"wp-image-176\" srcset=\"https:\/\/dreamsparkshow.com.br\/noticias\/wp-content\/uploads\/2021\/06\/Felipe-Simas-e-Familia-no-Dreams-Park-Show-3.jpg 853w, https:\/\/dreamsparkshow.com.br\/noticias\/wp-content\/uploads\/2021\/06\/Felipe-Simas-e-Familia-no-Dreams-Park-Show-3-300x300.jpg 300w, https:\/\/dreamsparkshow.com.br\/noticias\/wp-content\/uploads\/2021\/06\/Felipe-Simas-e-Familia-no-Dreams-Park-Show-3-150x150.jpg 150w, https:\/\/dreamsparkshow.com.br\/noticias\/wp-content\/uploads\/2021\/06\/Felipe-Simas-e-Familia-no-Dreams-Park-Show-3-768x768.jpg 768w\" sizes=\"(max-width: 853px) 100vw, 853px\" \/><\/figure><\/li><li class=\"blocks-gallery-item\"><figure><img loading=\"lazy\" decoding=\"async\" width=\"960\" height=\"960\" src=\"https:\/\/dreamsparkshow.com.br\/noticias\/wp-content\/uploads\/2021\/06\/Felipe-Simas-e-Familia-no-Dreams-Park-Show-4.jpg\" alt=\"\" data-id=\"177\" data-link=\"https:\/\/dreamsparkshow.com.br\/noticias\/?attachment_id=177\" class=\"wp-image-177\" srcset=\"https:\/\/dreamsparkshow.com.br\/noticias\/wp-content\/uploads\/2021\/06\/Felipe-Simas-e-Familia-no-Dreams-Park-Show-4.jpg 960w, https:\/\/dreamsparkshow.com.br\/noticias\/wp-content\/uploads\/2021\/06\/Felipe-Simas-e-Familia-no-Dreams-Park-Show-4-300x300.jpg 300w, https:\/\/dreamsparkshow.com.br\/noticias\/wp-content\/uploads\/2021\/06\/Felipe-Simas-e-Familia-no-Dreams-Park-Show-4-150x150.jpg 150w, https:\/\/dreamsparkshow.com.br\/noticias\/wp-content\/uploads\/2021\/06\/Felipe-Simas-e-Familia-no-Dreams-Park-Show-4-768x768.jpg 768w\" sizes=\"(max-width: 960px) 100vw, 960px\" \/><\/figure><\/li><li class=\"blocks-gallery-item\"><figure><img loading=\"lazy\" decoding=\"async\" width=\"958\" height=\"958\" src=\"https:\/\/dreamsparkshow.com.br\/noticias\/wp-content\/uploads\/2021\/06\/Felipe-Simas-e-Familia-no-Dreams-Park-Show-5.jpg\" alt=\"\" data-id=\"178\" data-link=\"https:\/\/dreamsparkshow.com.br\/noticias\/?attachment_id=178\" class=\"wp-image-178\" srcset=\"https:\/\/dreamsparkshow.com.br\/noticias\/wp-content\/uploads\/2021\/06\/Felipe-Simas-e-Familia-no-Dreams-Park-Show-5.jpg 958w, https:\/\/dreamsparkshow.com.br\/noticias\/wp-content\/uploads\/2021\/06\/Felipe-Simas-e-Familia-no-Dreams-Park-Show-5-300x300.jpg 300w, https:\/\/dreamsparkshow.com.br\/noticias\/wp-content\/uploads\/2021\/06\/Felipe-Simas-e-Familia-no-Dreams-Park-Show-5-150x150.jpg 150w, https:\/\/dreamsparkshow.com.br\/noticias\/wp-content\/uploads\/2021\/06\/Felipe-Simas-e-Familia-no-Dreams-Park-Show-5-768x768.jpg 768w\" sizes=\"(max-width: 958px) 100vw, 958px\" \/><\/figure><\/li><li class=\"blocks-gallery-item\"><figure><img loading=\"lazy\" decoding=\"async\" width=\"960\" height=\"960\" src=\"https:\/\/dreamsparkshow.com.br\/noticias\/wp-content\/uploads\/2021\/06\/Felipe-Simas-e-Familia-no-Dreams-Park-Show-9.jpg\" alt=\"\" data-id=\"182\" data-full-url=\"https:\/\/dreamsparkshow.com.br\/noticias\/wp-content\/uploads\/2021\/06\/Felipe-Simas-e-Familia-no-Dreams-Park-Show-9.jpg\" data-link=\"https:\/\/dreamsparkshow.com.br\/noticias\/?attachment_id=182\" class=\"wp-image-182\" srcset=\"https:\/\/dreamsparkshow.com.br\/noticias\/wp-content\/uploads\/2021\/06\/Felipe-Simas-e-Familia-no-Dreams-Park-Show-9.jpg 960w, https:\/\/dreamsparkshow.com.br\/noticias\/wp-content\/uploads\/2021\/06\/Felipe-Simas-e-Familia-no-Dreams-Park-Show-9-300x300.jpg 300w, https:\/\/dreamsparkshow.com.br\/noticias\/wp-content\/uploads\/2021\/06\/Felipe-Simas-e-Familia-no-Dreams-Park-Show-9-150x150.jpg 150w, https:\/\/dreamsparkshow.com.br\/noticias\/wp-content\/uploads\/2021\/06\/Felipe-Simas-e-Familia-no-Dreams-Park-Show-9-768x768.jpg 768w\" sizes=\"(max-width: 960px) 100vw, 960px\" \/><\/figure><\/li><\/ul><\/figure>\n\n\n\n<h2 class=\"wp-block-heading\">Presen\u00e7a de Deus<\/h2>\n\n\n\n<p>Para Mariana, chegar perto das Cataratas do Igua\u00e7u foi como sentir-se mais pr\u00f3ximo de Deus. \u201c\u00c9 de arrepiar a beleza. Somos crist\u00e3o e h\u00e1 muito tempo fal\u00e1vamos de conhecer as Cataratas. Mas jamais imagin\u00e1vamos que o efeito seria sentir mais pr\u00f3ximos de Deus\u201d, disse. \u201cNos sentimos min\u00fasculos perto da grandiosidade e da beleza das quedas\u201d, completou Felipe.<\/p>\n\n\n\n<h2 class=\"wp-block-heading\">Sobre a Novela<\/h2>\n\n\n\n<p>Felipe contou j\u00e1 ter gravado os cap\u00edtulos finais da trama das 7, previstos para irem ao ar no final de julho. \u201cGravamos v\u00e1rios finais. Depende da intera\u00e7\u00e3o do p\u00fablico\u201d. Ser\u00e1 que T\u00e9o fica com Fiona? S\u00f3 assistindo para saber.<br>\u201cSalve-se Quem Puder\u201d estreou em janeiro de 2020, mas as grava\u00e7\u00f5es precisaram ser suspensas e s\u00f3 voltou a ser exibida em maio de 2021.<\/p>\n\n\n\n<h2 class=\"wp-block-heading\">O Dreams Park Show<\/h2>\n\n\n\n<p>O Complexo, que conta com seis atra\u00e7\u00f5es, est\u00e1 localizado a menos de cinco minutos do Parque Nacional do Igua\u00e7u, que abriga as Cataratas do Igua\u00e7u, uma das Sete Maravilhas da Natureza. Mais informa\u00e7\u00f5es pelo WhjatsApp (45) 3527-8100.<\/p>\n\n\n\n<p><em><strong>Fotos:<\/strong> Equipe Vale dos Dinossauros e Divulga\u00e7\u00e3o<\/em><\/p>\n","protected":false},"excerpt":{"rendered":"<p>Depois de gravar os cap\u00edtulos finais da novela \u201cSalve-se Quem Puder\u201d, em que vive T\u00e9o, um dos protagonistas, o ator Felipe Simas veio com a fam\u00edlia passar as f\u00e9rias em Foz do Igua\u00e7u. Eles chegaram na segunda-feira (21) e ficam na cidade at\u00e9 sexta-feira (25). \u201cFoi uma das viagens mais esperadas por n\u00f3s. J\u00e1 estava [&hellip;]<\/p>\n","protected":false},"author":3,"featured_media":174,"comment_status":"open","ping_status":"open","sticky":false,"template":"","format":"standard","meta":{"footnotes":""},"categories":[3],"tags":[],"class_list":["post-173","post","type-post","status-publish","format-standard","has-post-thumbnail","hentry","category-noticiasdreamsparkshow"],"_links":{"self":[{"href":"https:\/\/dreamsparkshow.com.br\/noticias\/wp-json\/wp\/v2\/posts\/173","targetHints":{"allow":["GET"]}}],"collection":[{"href":"https:\/\/dreamsparkshow.com.br\/noticias\/wp-json\/wp\/v2\/posts"}],"about":[{"href":"https:\/\/dreamsparkshow.com.br\/noticias\/wp-json\/wp\/v2\/types\/post"}],"author":[{"embeddable":true,"href":"https:\/\/dreamsparkshow.com.br\/noticias\/wp-json\/wp\/v2\/users\/3"}],"replies":[{"embeddable":true,"href":"https:\/\/dreamsparkshow.com.br\/noticias\/wp-json\/wp\/v2\/comments?post=173"}],"version-history":[{"count":2,"href":"https:\/\/dreamsparkshow.com.br\/noticias\/wp-json\/wp\/v2\/posts\/173\/revisions"}],"predecessor-version":[{"id":184,"href":"https:\/\/dreamsparkshow.com.br\/noticias\/wp-json\/wp\/v2\/posts\/173\/revisions\/184"}],"wp:featuredmedia":[{"embeddable":true,"href":"https:\/\/dreamsparkshow.com.br\/noticias\/wp-json\/wp\/v2\/media\/174"}],"wp:attachment":[{"href":"https:\/\/dreamsparkshow.com.br\/noticias\/wp-json\/wp\/v2\/media?parent=173"}],"wp:term":[{"taxonomy":"category","embeddable":true,"href":"https:\/\/dreamsparkshow.com.br\/noticias\/wp-json\/wp\/v2\/categories?post=173"},{"taxonomy":"post_tag","embeddable":true,"href":"https:\/\/dreamsparkshow.com.br\/noticias\/wp-json\/wp\/v2\/tags?post=173"}],"curies":[{"name":"wp","href":"https:\/\/api.w.org\/{rel}","templated":true}]}}